[{"@context":"https:\/\/schema.org\/","@type":"Article","@id":"https:\/\/www.mirond.cz\/vlakem-do-beskyd\/#Article","mainEntityOfPage":"https:\/\/www.mirond.cz\/vlakem-do-beskyd\/","headline":"Vlakem do Beskyd","name":"Vlakem do Beskyd","description":"Ond\u0159ejn\u00edk b\u00fdv\u00e1 pro svoji dostupnost po zpevn\u011bn\u00e9m povrch\u016f obl\u00edben\u00fdm c\u00edlem mnoha\u00a0v\u00fdletn\u00edk\u016f. Kterou zvl\u00e1dnou opravdu v\u0161ichni. I maminky s d\u011btmi v ko\u010d\u00e1rku. V posledn\u00ed dob\u011b je","datePublished":"2023-01-27","dateModified":"2023-07-27","author":{"@type":"Person","@id":"https:\/\/www.mirond.cz\/author\/devene\/#Person","name":"devene","url":"https:\/\/www.mirond.cz\/author\/devene\/","identifier":1,"image":{"@type":"ImageObject","@id":"https:\/\/secure.gravatar.com\/avatar\/afe3e9c307ddf0b756c397ad75c6ecdba1f9da628b10651fe33a13bba6407ccd?s=96&d=mm&r=g","url":"https:\/\/secure.gravatar.com\/avatar\/afe3e9c307ddf0b756c397ad75c6ecdba1f9da628b10651fe33a13bba6407ccd?s=96&d=mm&r=g","height":96,"width":96}},"publisher":{"@type":"Organization","name":"mirond.cz","logo":{"@type":"ImageObject","@id":"\/logo.png","url":"\/logo.png","width":600,"height":60}},"image":{"@type":"ImageObject","@id":"https:\/\/www.mirond.cz\/wp-content\/uploads\/fence-5502380_1280_1.jpg","url":"https:\/\/www.mirond.cz\/wp-content\/uploads\/fence-5502380_1280_1.jpg","height":0,"width":0},"url":"https:\/\/www.mirond.cz\/vlakem-do-beskyd\/","about":["Cestov\u00e1n\u00ed"],"wordCount":470,"articleBody":"Ond\u0159ejn\u00edk b\u00fdv\u00e1 pro svoji dostupnost po zpevn\u011bn\u00e9m povrch\u016f obl\u00edben\u00fdm c\u00edlem mnoha\u00a0v\u00fdletn\u00edk\u016f. Kterou zvl\u00e1dnou opravdu v\u0161ichni. I maminky s d\u011btmi v ko\u010d\u00e1rku. V posledn\u00ed dob\u011b je nejvy\u0161\u0161\u00ed bod Skalka, kter\u00fd le\u017e\u00ed ve v\u00fd\u0161ce 964 m n.m, \u010dast\u00fdm c\u00edlem i cyklist\u016f. Kte\u0159\u00ed r\u00e1di vyu\u017e\u00edvaj\u00ed k odpo\u010dinku roubenku, ve kter\u00e9 lze nejen posed\u011bt. Ale z\u00e1rove\u0148 si pochutnat na krajov\u00fdch specialit\u00e1ch. Dominantou tohoto m\u00edsta je kapli\u010dka svat\u00e9ho Anton\u00edna. Od kter\u00e9 jsou n\u00e1dhern\u00e9 v\u00fdhledy co cel\u00e9ho kraje. A za p\u0159\u00edzniv\u00e9ho po\u010das\u00ed i na Lysou horu. Mo\u017enost\u00ed, jak vrcholu Ond\u0159ejn\u00edku dos\u00e1hnout lze i z Kozlovic, n\u00e1dra\u017e\u00ed v Kun\u010dic\u00edch pod Ond\u0159ejn\u00edkem \u010di v \u010celadn\u00e9.Lys\u00e1 hora, jej\u00ed\u017e vrchol je ve v\u00fd\u0161ce 1323 m n.m, lze zdolat rovn\u011b\u017e ze v\u0161ech sv\u011btov\u00fdch stran. Sta\u010d\u00ed si jenom vybrat tu optim\u00e1ln\u00ed. Nej\u010dast\u011bj\u0161\u00ed v\u00fdchoz\u00ed bod je n\u00e1dra\u017e\u00ed v horsk\u00e9 obci Ostravice. Kter\u00e9 slibuje nejkrat\u0161\u00ed a nejp\u0159\u00edjemn\u011bj\u0161\u00ed v\u00fdstup. \u010cerven\u00e1 turistick\u00e1 zna\u010dka vede turisty k horsk\u00e9mu lanov\u00e9mu centru Opi\u010d\u00e1rna, kter\u00e9 je zbudov\u00e1no vedle rekrea\u010dn\u00edho st\u0159ediska Sepetn\u00e1. Pokud na v\u00fdstup Lys\u00e9 hory se vydaj\u00ed i d\u011bti, \u010dasto se v n\u011bm na zp\u00e1te\u010dn\u00ed cest\u011b zastavuj\u00ed. Luk\u0161inec b\u00fdv\u00e1 m\u00edstem, ve kter\u00e9m se setk\u00e1vaj\u00ed skupiny turist\u016f. Jak ty, kter\u00e9 vyrazily z Ostravice, tak ty, kter\u00e9 zvolily del\u0161\u00ed trasu z fr\u00fddlantsk\u00e9ho n\u00e1dra\u017e\u00ed. Ti kus cesty proch\u00e1zej\u00ed po zn\u00e1m\u00e9 Medv\u011bd\u00ed stezce. Ob\u010derstven\u00ed jim nab\u00eddne stylov\u00fd hostinec U Veli\u010dk\u016f.Ski are\u00e1l Op\u00e1len\u00e1 je sice m\u00edstem, kter\u00e9 je obl\u00edben\u00e9\u00a0p\u0159edev\u0161\u00edm ly\u017ea\u0159i. Ale i v letn\u00edch m\u011bs\u00edc\u00edch rozhodn\u011b stoj\u00ed n\u00e1v\u0161t\u011bvu. Nej\u010dast\u011bj\u0161\u00edm v\u00fdchoz\u00edm bodem tohoto v\u00fdletu je \u010deladensk\u00e9 n\u00e1dra\u017e\u00ed. Ze kter\u00e9ho lze rovn\u011b\u017e vyrazit po zpevn\u011bn\u00fdch cest\u00e1ch i men\u0161\u00edmi d\u011btmi. P\u0159\u00edstup je i z druh\u00e9 strany &#8211; ze Pstru\u017e\u00ed. Letn\u00ed aktivity p\u0159iv\u00edtaj\u00ed v\u0161ichni milovn\u00edci pohybu. Mo\u017enost zap\u016fj\u010den\u00ed kolob\u011b\u017eek a horsk\u00fdch kol umo\u017e\u0148uje pr\u016fjezd lesn\u00edm prost\u0159ed\u00edm. Na jej\u00edm\u017e konci je odm\u011bna v podob\u011b v\u00fdhled\u016f na kr\u00e1sy Beskyd. Milovn\u00edci lukost\u0159elby si tu tak\u00e9 p\u0159ijdou na sv\u00e9. K hosp\u016fdce na kopci lze sice mo\u017en\u00e9 dojet i autem. Ale po vlastn\u00edch to ud\u011bl\u00e1 v\u011bt\u0161\u00ed radost. Nav\u00edc i v dob\u011b, kdy nen\u00ed otev\u0159en\u00e1, mohou n\u00e1v\u0161t\u011bvn\u00edci vyu\u017e\u00edt jej\u00ed Barbor\u010dinu samoobslu\u017enou stud\u00e1nku.\u00a0\u00a0\u00a0                                                                                                                                                                                                                                                                                                                                                                                        4.3\/5 - (6 votes)        "},{"@context":"https:\/\/schema.org\/","@type":"BreadcrumbList","itemListElement":[{"@type":"ListItem","position":1,"name":"Vlakem do Beskyd","item":"https:\/\/www.mirond.cz\/vlakem-do-beskyd\/#breadcrumbitem"}]}]