[{"@context":"https:\/\/schema.org\/","@type":"Article","@id":"https:\/\/www.mirond.cz\/skryte-perly-lisabonu\/#Article","mainEntityOfPage":"https:\/\/www.mirond.cz\/skryte-perly-lisabonu\/","headline":"Skryt\u00e9 perly Lisabonu","name":"Skryt\u00e9 perly Lisabonu","description":"T\u0159\u00edmilionov\u00e9 hlavn\u00ed m\u011bsto Portugalska Lisabon rozhodn\u011b stoj\u00ed za n\u00e1v\u0161t\u011bvu. Letenky do Lisabonu jsou relativn\u011b levn\u00e9, a tak v\u00e1m v jeho n\u00e1v\u0161t\u011bv\u011b nic nebr\u00e1n\u00ed. Jedn\u00e1 se","datePublished":"2020-04-11","dateModified":"2023-08-15","author":{"@type":"Person","@id":"https:\/\/www.mirond.cz\/author\/devene\/#Person","name":"devene","url":"https:\/\/www.mirond.cz\/author\/devene\/","identifier":1,"image":{"@type":"ImageObject","@id":"https:\/\/secure.gravatar.com\/avatar\/afe3e9c307ddf0b756c397ad75c6ecdba1f9da628b10651fe33a13bba6407ccd?s=96&d=mm&r=g","url":"https:\/\/secure.gravatar.com\/avatar\/afe3e9c307ddf0b756c397ad75c6ecdba1f9da628b10651fe33a13bba6407ccd?s=96&d=mm&r=g","height":96,"width":96}},"publisher":{"@type":"Organization","name":"mirond.cz","logo":{"@type":"ImageObject","@id":"\/logo.png","url":"\/logo.png","width":600,"height":60}},"image":{"@type":"ImageObject","@id":"https:\/\/www.mirond.cz\/wp-content\/uploads\/v%C3%ADt%C4%9Bzn%C3%BD%20oblouk%20-%20Lisabon.jpg","url":"https:\/\/www.mirond.cz\/wp-content\/uploads\/v%C3%ADt%C4%9Bzn%C3%BD%20oblouk%20-%20Lisabon.jpg","height":0,"width":0},"url":"https:\/\/www.mirond.cz\/skryte-perly-lisabonu\/","about":["Internet"],"wordCount":578,"articleBody":"       T\u0159\u00edmilionov\u00e9 hlavn\u00ed m\u011bsto Portugalska Lisabon rozhodn\u011b stoj\u00ed za n\u00e1v\u0161t\u011bvu. Letenky do Lisabonu jsou relativn\u011b levn\u00e9, a tak v\u00e1m v jeho n\u00e1v\u0161t\u011bv\u011b nic nebr\u00e1n\u00ed. Jedn\u00e1 se o nejz\u00e1padn\u011bj\u0161\u00ed pevninsk\u00e9 m\u011bsto Evropy, kter\u00e9 se rozkl\u00e1d\u00e1 na prudk\u00fdch kopc\u00edch, kter\u00e9 tomuto m\u011bstu dod\u00e1vaj\u00ed nezam\u011bnitelnou a jedine\u010dnou atmosf\u00e9ru, kter\u00e1 v\u00e1s doslova odzbroj\u00ed. Z tohoto d\u016fvodu se velice \u010dasto m\u016f\u017eete setkat s p\u0159ezd\u00edvkou Cidade das Sete Colinas neboli m\u011bsto sedmi pahork\u016f.Ne\u017e se dostaneme ke zdej\u0161\u00edm pam\u00e1tk\u00e1m, kter\u00e9 mus\u00edte p\u0159i sv\u00e9 n\u00e1v\u0161t\u011bv\u011b jist\u011b nav\u0161t\u00edvit, poj\u010fme se trochu pod\u00edvat na historii tohoto m\u011bsta, je\u017e nen\u00ed o nic m\u00e9n\u011b zaj\u00edmav\u00e1. N\u011bkter\u00e9 historick\u00e9 prameny uv\u00e1d\u00ed, \u017ee jeho historie sah\u00e1 ji\u017e do 12. stolet\u00ed p\u0159ed na\u0161\u00edm letopo\u010dtem. V t\u00e9to dob\u011b se na jeho dne\u0161n\u00edm \u00fazem\u00ed nach\u00e1zelo v\u00fdznamn\u00e9 obchodn\u00ed st\u0159edisko. Koneckonc\u016f z jeho n\u00e1zvu, kter\u00fd zn\u011bl allis ubbo, je nejsp\u00ed\u0161e tak\u00e9 odvozeno dne\u0161n\u00ed jm\u00e9no. M\u011bsto si pro\u0161lo tak\u00e9 velk\u00fdm mno\u017estv\u00edm zm\u011bn v jeho vl\u00e1d\u011b. Vyst\u0159\u00eddali se zde \u0158\u00edman\u00e9, Maurov\u00e9 a nakonec Portugalci, kte\u0159\u00ed z n\u011bj ud\u011blali st\u0159edobod objevn\u00fdch plaveb. Z t\u011bchto dob zde m\u016f\u017eeme naj\u00edt i n\u011bkolik pam\u00e1tek, jako nap\u0159\u00edklad opevn\u011bnou v\u011b\u017e Torre de Bel\u00e9m, kter\u00e1 je neodd\u011bliteln\u00fdm symbolem m\u011bsta a je zapsan\u00e1 na seznamu pam\u00e1tek UNESCO.P\u0159i objevov\u00e1n\u00ed zdej\u0161\u00edch pam\u00e1tek si jist\u011b obl\u00edb\u00edte i jedine\u010dnou dopravu mezi nimi. Z\u00e1sluhou ji\u017e zm\u00edn\u011bn\u00fdch kopc\u016f se zde doprava odehr\u00e1v\u00e1 z pomoci lanovek, v\u00fdtah\u016f nebo tramvaj\u00ed. Bezesporu nejslavn\u011bj\u0161\u00edm v\u00fdtahem je Santa Justa, je\u017e se nach\u00e1z\u00ed ve stejnojmenn\u00e9 ulici. V\u00fdtah ale nem\u00e1 pouze praktick\u00e9 vyu\u017eit\u00ed a to to, \u017ee slou\u017e\u00ed jako spojka mezi \u010dtvrt\u00ed Baxia a n\u00e1m\u011bst\u00edm Largo do Carmo, ale tak\u00e9 funkci estetickou, proto\u017ee je pojat jako um\u011bleck\u00e9 d\u00edlo. Svou n\u00e1v\u0161t\u011bvou rozhodn\u011b nezapome\u0148te poct\u00edt \u00fachvatn\u00fd renesan\u010dn\u00ed kostel S\u00e3o Vicente de Fora, dechberouc\u00ed ruiny kl\u00e1\u0161tera Converto do Carmo, kter\u00fd v\u00e1s uchv\u00e1t\u00ed nejen velikost\u00ed, ale tak\u00e9 v\u00e1s na mal\u00fd okam\u017eik p\u0159enese zp\u011bt v \u010dase, nebo jedno z nejv\u011bt\u0161\u00edch zdej\u0161\u00edch n\u00e1m\u011bst\u00ed Pra\u00e7a do Com\u00e9rcio, kter\u00e9mu dominuje socha, podobn\u00e1 t\u00e9 na\u0161\u00ed na V\u00e1clavsk\u00e9m n\u00e1m\u011bst\u00ed, od socha\u0159e Machada de Castra, spolu s v\u00edt\u011bzn\u00fdm obloukem Arco da Victoria.Budete-li cht\u00edt zav\u00edtat na m\u00edsta, kter\u00e1 nejsou mezi turisty tak zn\u00e1m\u00e1, vydejte se t\u0159eba na kapli\u010dku Capela de Santo Amaro, odkud budete m\u00edt jako na dlani slavn\u00fd lisabonsk\u00fd most, anebo do pal\u00e1ce Casa de Alentejo. P\u0159i cest\u011b za skryt\u00fdmi perlami Lisabonu, nem\u016f\u017eete zapomenout ani na ochutn\u00e1vku zdej\u0161\u00edch specialit, jako jsou betl\u00e9msk\u00e9 kol\u00e1\u010dky, je\u017e jsou vyrobeny z k\u0159upav\u00e9ho listov\u00e9ho t\u011bsta napln\u011bn\u00e9ho \u017eloutkovou polevou a sko\u0159ic\u00ed. Dostanete-li chu\u0165 sp\u00ed\u0161e na n\u011bco slan\u00e9ho jen tak k zakousnut\u00ed, zvolte jist\u011b ochutn\u00e1vku zdej\u0161\u00edho vyhl\u00e1\u0161en\u00e9ho s\u00fdru Requeij\u00e3o Portugu\u00eas anebo pln\u011bn\u00e9 ta\u0161ti\u010dky empandas.                                                                                                                                                                                                                                                                                                                                                                                          4.6\/5 - (9 votes)        "},{"@context":"https:\/\/schema.org\/","@type":"BreadcrumbList","itemListElement":[{"@type":"ListItem","position":1,"name":"Skryt\u00e9 perly Lisabonu","item":"https:\/\/www.mirond.cz\/skryte-perly-lisabonu\/#breadcrumbitem"}]}]